{"id":146,"date":"2021-05-06T11:00:45","date_gmt":"2021-05-06T09:00:45","guid":{"rendered":"http:\/\/demo.themegrill.com\/colormag\/?p=146"},"modified":"2022-05-20T13:58:15","modified_gmt":"2022-05-20T11:58:15","slug":"ueberreichung-des-beglaubigungsschreibens","status":"publish","type":"post","link":"https:\/\/www.ambacam.de\/de\/2021\/05\/06\/ueberreichung-des-beglaubigungsschreibens\/","title":{"rendered":"\u00dcberreichung des Beglaubigungsschreibens"},"content":{"rendered":"\t\t<div data-elementor-type=\"wp-post\" data-elementor-id=\"146\" class=\"elementor elementor-146\">\n\t\t\t\t\t\t<section class=\"elementor-section elementor-top-section elementor-element elementor-element-67951604 elementor-section-boxed elementor-section-height-default elementor-section-height-default\" data-id=\"67951604\" data-element_type=\"section\" data-e-type=\"section\">\n\t\t\t\t\t\t<div class=\"elementor-container elementor-column-gap-default\">\n\t\t\t\t\t<div class=\"elementor-column elementor-col-100 elementor-top-column elementor-element elementor-element-76270e39\" data-id=\"76270e39\" data-element_type=\"column\" data-e-type=\"column\">\n\t\t\t<div class=\"elementor-widget-wrap elementor-element-populated\">\n\t\t\t\t\t\t<div class=\"elementor-element elementor-element-7eee9ec elementor-widget elementor-widget-text-editor\" data-id=\"7eee9ec\" data-element_type=\"widget\" data-e-type=\"widget\" data-widget_type=\"text-editor.default\">\n\t\t\t\t<div class=\"elementor-widget-container\">\n\t\t\t\t\t\t\t\t\t<p><b>\u00dcberreichung des Beglaubigungsschreibens von Seiner Exzellenz NDOCKI Victor, Botschafter der Republik Kamerun, an Seine Exzellenz Frank-Walter STEINMEIER, Pr\u00e4sidenten der Bundesrepublik Deutschland.<\/b><\/p>\n<p><img fetchpriority=\"high\" decoding=\"async\" class=\"alignnone size-medium wp-image-1015\" src=\"https:\/\/www.ambacam.de\/fr\/wp-content\/uploads\/sites\/4\/2021\/12\/se_ndocki_02-201x300.png\" alt=\"\" width=\"201\" height=\"300\" srcset=\"https:\/\/www.ambacam.de\/de\/wp-content\/uploads\/sites\/7\/2021\/12\/se_ndocki_02-201x300.png 201w, https:\/\/www.ambacam.de\/de\/wp-content\/uploads\/sites\/7\/2021\/12\/se_ndocki_02.png 685w\" sizes=\"(max-width: 201px) 100vw, 201px\" \/><\/p>\n<p>Seine Exzellenz NDOCKI Victor, Botschafter der Republik Kamerun \u00fcberreichte am 6. Mai 2021 sein Beglaubigungsschreiben an Bundespr\u00e4sident Frank-Walter STEINMEIER. Die Zeremonie fand im Bundespr\u00e4sidialamt im Schloss Bellevue statt.<span style=\"font-family: &quot;Open Sans&quot;, serif; font-size: 16px; color: var( --e-global-color-text );\">&nbsp;<\/span><\/p><p>W\u00e4hrend der Audienz, die der Bundespr\u00e4sident dem Botschafter im Anschluss an die \u00dcberreichung des Beglaubigungsschreibens gew\u00e4hrte, hob Seine Exzellenz Frank-Walter STEINMEIER die Qualit\u00e4t der Beziehungen zwischen Kamerun und Deutschland hervor. Er \u00e4u\u00dferte den Wunsch, dass die Ankunft eines neuen Botschafters aus Kamerun den Weg f\u00fcr verst\u00e4rkte Zusammenarbeit zwischen den beiden L\u00e4ndern ebnen sollte, da Kamerun bei Deutschland einen hohen Stellenwert einnehme.<br>Seine Exzellenz NDOCKI Victor \u00fcberbrachte die Gr\u00fc\u00dfe Seiner Exzellenz Paul BIYA an seinen Amtskollegen, dr\u00fcckte die Dankbarkeit Kameruns f\u00fcr die Begleitung durch die deutschen Beh\u00f6rden aus und lobte seinerseits die Beziehungen zwischen den beiden L\u00e4ndern, die sich durch einen Austausch aller Art auszeichnen.<\/p><p>Der Botschafter berichtete dem Pr\u00e4sidenten auch \u00fcber die Lage in Kamerun.<br>Seine Exzellenz Frank-Walter STEINMEIER zeigte besonderes Interesse an den verschiedenen angesprochenen Punkten und \u00e4u\u00dferte den Wunsch, alle m\u00f6glichen Probleme so bald wie m\u00f6glich zu einem positiven Abschluss zu bringen.<\/p><p>Der Bundespr\u00e4sident und sein Gast sprachen au\u00dferdem \u00fcber wichtige aktuelle Themen der internationalen Politik, wie etwa die verheerenden Sch\u00e4den, welche die COVID-19-Pandemie der ganzen Welt zugef\u00fcgt hat.<\/p><p>Der Bundespr\u00e4sident betonte, dass die dritte Welle der Pandemie, die in Deutschland im Gange ist, unter Kontrolle gebracht wird. Er \u00e4u\u00dferte den Wunsch, dass Kamerun im Rahmen des COVAX-Projekts mehr Impfstoffe zur Verf\u00fcgung gestellt bekommt.<\/p>\t\t\t\t\t\t\t\t<\/div>\n\t\t\t\t<\/div>\n\t\t\t\t\t<\/div>\n\t\t<\/div>\n\t\t\t\t\t<\/div>\n\t\t<\/section>\n\t\t\t\t<\/div>\n\t\t","protected":false},"excerpt":{"rendered":"<p>\u00dcberreichung des Beglaubigungsschreibens von Seiner Exzellenz NDOCKI Victor, Botschafter der Republik Kamerun, an Seine Exzellenz Frank-Walter STEINMEIER, Pr\u00e4sidenten der Bundesrepublik<\/p>\n","protected":false},"author":1,"featured_media":1014,"comment_status":"closed","ping_status":"open","sticky":false,"template":"","format":"standard","meta":{"footnotes":""},"categories":[12,9,4,26,2],"tags":[],"class_list":["post-146","post","type-post","status-publish","format-standard","has-post-thumbnail","hentry","category-aktuelle","category-aktuelle-nachrichten","category-der-botschafter","category-investieren-in-kamerun","category-neuigkeiten"],"_links":{"self":[{"href":"https:\/\/www.ambacam.de\/de\/wp-json\/wp\/v2\/posts\/146","targetHints":{"allow":["GET"]}}],"collection":[{"href":"https:\/\/www.ambacam.de\/de\/wp-json\/wp\/v2\/posts"}],"about":[{"href":"https:\/\/www.ambacam.de\/de\/wp-json\/wp\/v2\/types\/post"}],"author":[{"embeddable":true,"href":"https:\/\/www.ambacam.de\/de\/wp-json\/wp\/v2\/users\/1"}],"replies":[{"embeddable":true,"href":"https:\/\/www.ambacam.de\/de\/wp-json\/wp\/v2\/comments?post=146"}],"version-history":[{"count":15,"href":"https:\/\/www.ambacam.de\/de\/wp-json\/wp\/v2\/posts\/146\/revisions"}],"predecessor-version":[{"id":1751,"href":"https:\/\/www.ambacam.de\/de\/wp-json\/wp\/v2\/posts\/146\/revisions\/1751"}],"wp:featuredmedia":[{"embeddable":true,"href":"https:\/\/www.ambacam.de\/de\/wp-json\/wp\/v2\/media\/1014"}],"wp:attachment":[{"href":"https:\/\/www.ambacam.de\/de\/wp-json\/wp\/v2\/media?parent=146"}],"wp:term":[{"taxonomy":"category","embeddable":true,"href":"https:\/\/www.ambacam.de\/de\/wp-json\/wp\/v2\/categories?post=146"},{"taxonomy":"post_tag","embeddable":true,"href":"https:\/\/www.ambacam.de\/de\/wp-json\/wp\/v2\/tags?post=146"}],"curies":[{"name":"wp","href":"https:\/\/api.w.org\/{rel}","templated":true}]}}