{"id":34,"count":12,"description":"Le Service Culturel de l\u2019Ambassade du Cameroun \u00e0 Berlin vous d\u00e9voile sa nouvelle rubrique, \u00ab Visages de la Diaspora \u00bb, qui pr\u00e9sente les succ\u00e8s de sa jeune diaspora, positive, ambitieuse et engag\u00e9e.","link":"https:\/\/www.ambacam.de\/fr\/category\/vivre-en-allemagne\/visages-de-la-diaspora\/","name":"Visages de la Diaspora","slug":"visages-de-la-diaspora","taxonomy":"category","parent":26,"meta":[],"_links":{"self":[{"href":"https:\/\/www.ambacam.de\/fr\/wp-json\/wp\/v2\/categories\/34","targetHints":{"allow":["GET"]}}],"collection":[{"href":"https:\/\/www.ambacam.de\/fr\/wp-json\/wp\/v2\/categories"}],"about":[{"href":"https:\/\/www.ambacam.de\/fr\/wp-json\/wp\/v2\/taxonomies\/category"}],"up":[{"embeddable":true,"href":"https:\/\/www.ambacam.de\/fr\/wp-json\/wp\/v2\/categories\/26"}],"wp:post_type":[{"href":"https:\/\/www.ambacam.de\/fr\/wp-json\/wp\/v2\/posts?categories=34"}],"curies":[{"name":"wp","href":"https:\/\/api.w.org\/{rel}","templated":true}]}}