{"id":2804,"date":"2022-03-30T14:31:00","date_gmt":"2022-03-30T12:31:00","guid":{"rendered":"https:\/\/www.ambacam.de\/fr\/?p=2804"},"modified":"2024-05-15T20:41:44","modified_gmt":"2024-05-15T18:41:44","slug":"presentation-de-laccreditif-de-lambassadeur-representant-permanent-du-cameroun-aupres-de-loffice-des-nations-unies-a-vienne","status":"publish","type":"post","link":"https:\/\/www.ambacam.de\/fr\/2022\/03\/30\/presentation-de-laccreditif-de-lambassadeur-representant-permanent-du-cameroun-aupres-de-loffice-des-nations-unies-a-vienne\/","title":{"rendered":"PR\u00c9SENTATION DE L&rsquo;ACCR\u00c9DITIF DE L&rsquo;AMBASSADEUR, REPR\u00c9SENTANT PERMANENT DU CAMEROUN AUPR\u00c8S DE L&rsquo;OFFICE DES NATIONS UNIES \u00c0 VIENNE"},"content":{"rendered":"\t\t<div data-elementor-type=\"wp-post\" data-elementor-id=\"2804\" class=\"elementor elementor-2804\">\n\t\t\t\t\t\t<section class=\"elementor-section elementor-top-section elementor-element elementor-element-67951604 elementor-section-boxed elementor-section-height-default elementor-section-height-default\" data-id=\"67951604\" data-element_type=\"section\" data-e-type=\"section\">\n\t\t\t\t\t\t<div class=\"elementor-container elementor-column-gap-default\">\n\t\t\t\t\t<div class=\"elementor-column elementor-col-100 elementor-top-column elementor-element elementor-element-76270e39\" data-id=\"76270e39\" data-element_type=\"column\" data-e-type=\"column\">\n\t\t\t<div class=\"elementor-widget-wrap elementor-element-populated\">\n\t\t\t\t\t\t<div class=\"elementor-element elementor-element-7eee9ec elementor-widget elementor-widget-text-editor\" data-id=\"7eee9ec\" data-element_type=\"widget\" data-e-type=\"widget\" data-widget_type=\"text-editor.default\">\n\t\t\t\t<div class=\"elementor-widget-container\">\n\t\t\t\t\t\t\t\t\t<p><b>Pr\u00e9sentation de l&rsquo;Accr\u00e9ditif de l&rsquo;Ambassadeur, repr\u00e9sentant permanent du Cameroun aupr\u00e8s de l&rsquo;Office des Nations Unies \u00e0 Vienne:<\/b><\/p>\n<p><img fetchpriority=\"high\" decoding=\"async\" class=\"alignnone wp-image-1015 size-full\" src=\"https:\/\/www.ambacam.de\/fr\/wp-content\/uploads\/sites\/4\/2022\/02\/Vienne_03.jpg\" alt=\"\" width=\"685\" height=\"1024\"><\/p>\n<p>Le Repr\u00e9sentant Permanent du Cameroun aupr\u00e8s de l&rsquo;Office des Nations Unies \u00e0 Vienne, Son Excellence Monsieur NDOCKI Victor, a pr\u00e9sent\u00e9 ce 30 mars 2022 ses Lettres d&rsquo;Introduction \u00e0 Monsieur Dennis THATCHAICHAWALIT, Directeur G\u00e9n\u00e9ral adjoint de l&rsquo;Office.<br>Apr\u00e8s la phase protocolaire, les deux personnalit\u00e9s ont fait un tour d&rsquo;horizon des questions de coop\u00e9ration entre le Cameroun et les Nations Unies en g\u00e9n\u00e9ral, et en particulier les questions suivies par l&rsquo;Office de Vienne et la Repr\u00e9sentation du Cameroun.<br>Il convient de rappeler que l&rsquo;Office des Nations Unies \u00e0 Vienne abrite quatre Organisations internationales du syst\u00e8me des Nations Unies, \u00e0 savoir l&rsquo;ONUDC, l&rsquo;ONUDI, l&rsquo;AIEA et l&rsquo;OTICE.&nbsp;<\/p>\t\t\t\t\t\t\t\t<\/div>\n\t\t\t\t<\/div>\n\t\t\t\t\t<\/div>\n\t\t<\/div>\n\t\t\t\t\t<\/div>\n\t\t<\/section>\n\t\t\t\t<\/div>\n\t\t","protected":false},"excerpt":{"rendered":"<p>Pr\u00e9sentation de l&rsquo;Accr\u00e9ditif de l&rsquo;Ambassadeur, repr\u00e9sentant permanent du Cameroun aupr\u00e8s de l&rsquo;Office des Nations Unies \u00e0 Vienne: Le Repr\u00e9sentant Permanent<\/p>\n","protected":false},"author":1,"featured_media":2806,"comment_status":"closed","ping_status":"open","sticky":true,"template":"","format":"standard","meta":{"footnotes":""},"categories":[2,4,9,11,26],"tags":[],"class_list":["post-2804","post","type-post","status-publish","format-standard","has-post-thumbnail","hentry","category-actualites","category-ambassadeur","category-flash","category-services-aux-camerounais","category-vivre-en-allemagne"],"_links":{"self":[{"href":"https:\/\/www.ambacam.de\/fr\/wp-json\/wp\/v2\/posts\/2804","targetHints":{"allow":["GET"]}}],"collection":[{"href":"https:\/\/www.ambacam.de\/fr\/wp-json\/wp\/v2\/posts"}],"about":[{"href":"https:\/\/www.ambacam.de\/fr\/wp-json\/wp\/v2\/types\/post"}],"author":[{"embeddable":true,"href":"https:\/\/www.ambacam.de\/fr\/wp-json\/wp\/v2\/users\/1"}],"replies":[{"embeddable":true,"href":"https:\/\/www.ambacam.de\/fr\/wp-json\/wp\/v2\/comments?post=2804"}],"version-history":[{"count":15,"href":"https:\/\/www.ambacam.de\/fr\/wp-json\/wp\/v2\/posts\/2804\/revisions"}],"predecessor-version":[{"id":6500,"href":"https:\/\/www.ambacam.de\/fr\/wp-json\/wp\/v2\/posts\/2804\/revisions\/6500"}],"wp:featuredmedia":[{"embeddable":true,"href":"https:\/\/www.ambacam.de\/fr\/wp-json\/wp\/v2\/media\/2806"}],"wp:attachment":[{"href":"https:\/\/www.ambacam.de\/fr\/wp-json\/wp\/v2\/media?parent=2804"}],"wp:term":[{"taxonomy":"category","embeddable":true,"href":"https:\/\/www.ambacam.de\/fr\/wp-json\/wp\/v2\/categories?post=2804"},{"taxonomy":"post_tag","embeddable":true,"href":"https:\/\/www.ambacam.de\/fr\/wp-json\/wp\/v2\/tags?post=2804"}],"curies":[{"name":"wp","href":"https:\/\/api.w.org\/{rel}","templated":true}]}}