{"id":4444,"date":"2023-01-04T12:59:42","date_gmt":"2023-01-04T11:59:42","guid":{"rendered":"https:\/\/www.ambacam.de\/fr\/?p=4444"},"modified":"2023-01-06T00:42:33","modified_gmt":"2023-01-05T23:42:33","slug":"obseques-de-monsieur-makongo-dooh-alexandre-dugast","status":"publish","type":"post","link":"https:\/\/www.ambacam.de\/fr\/2023\/01\/04\/obseques-de-monsieur-makongo-dooh-alexandre-dugast\/","title":{"rendered":"OBSEQUES DE MONSIEUR MAKONGO DOOH Alexandre Dugast"},"content":{"rendered":"\t\t<div data-elementor-type=\"wp-post\" data-elementor-id=\"4444\" class=\"elementor elementor-4444\">\n\t\t\t\t\t\t<section class=\"elementor-section elementor-top-section elementor-element elementor-element-4c2a9755 elementor-section-boxed elementor-section-height-default elementor-section-height-default\" data-id=\"4c2a9755\" data-element_type=\"section\" data-e-type=\"section\">\n\t\t\t\t\t\t<div class=\"elementor-container elementor-column-gap-default\">\n\t\t\t\t\t<div class=\"elementor-column elementor-col-100 elementor-top-column elementor-element elementor-element-229b9905\" data-id=\"229b9905\" data-element_type=\"column\" data-e-type=\"column\">\n\t\t\t<div class=\"elementor-widget-wrap elementor-element-populated\">\n\t\t\t\t\t\t<div class=\"elementor-element elementor-element-3b1d6cf0 elementor-widget elementor-widget-text-editor\" data-id=\"3b1d6cf0\" data-element_type=\"widget\" data-e-type=\"widget\" data-widget_type=\"text-editor.default\">\n\t\t\t\t<div class=\"elementor-widget-container\">\n\t\t\t\t\t\t\t\t\t<p>Les grandes familles :<br>&#8211; BONA NGANGU&rsquo;A MAKONGO<br>Bonapriso &#8211; Douala<br>&#8211; EBANDA MBAPPE BONA MBAPPE<br>Bonab\u00e9ri &#8211; Douala<br>&#8211; DIPITA EBOLO EKOTO Henri James<br>Bonamikengue Akwa &#8211; Douala<br>&#8211; MASSOKO EBELLE Lydienne<br>Bonangando Deido &#8211; Douala<br>&#8211; MOGHOM KAMWA Jean Paul<br>Mbemtum &#8211; Bandjoun<br>Les enfants :<br>&#8211; M. PRISO DOOH MAKONGO James K\u00e9vin, son \u00e9pouse et leur fils<br>&#8211; M. DOOH MAKONGO Dugast Elfried,<br>&#8211; Mlle MAKONGO DOOH Alma Ana\u00efs Eva,<br>Madame ECOTO NDOME Alma Rachel \u00e9pouse MAKONGO DOOH<br>ont la profonde douleur d\u2019annoncer le d\u00e9c\u00e8s de leur fils, fr\u00e8re, p\u00e8re, grand-p\u00e8re,<br>beau-fils, beau-p\u00e8re, \u00e9poux,<br>Monsieur MAKONGO DOOH Alexandre Dugast<br>survenu le 21 Novembre 2022 \u00e0 Paris &#8211; FRANCE.<\/p>\n<p><b>PROGRAMME<\/b><br><b>BERLIN \u2013 ALLEMAGNE<\/b><br>Messe de recueillement<\/p>\n<p><b>PARIS &#8211; FRANCE<\/b><br><b>Mardi 03 Janvier 2023<\/b><br>18h30 : Messe de recueillement<br>11 rue Beaucaire Colombes 92700<\/p>\n<p><b>Mercredi le 04 Janvier 2023<\/b><br>09h00 : Lev\u00e9e du corps au Fun\u00e9rarium du Mont Val\u00e9rien<br>104 rue du calvaire Nanterre 92000<\/p>\n<p><b>DOUALA &#8211; CAMEROUN<br>Jeudi 05 Janvier 2023<\/b><br>&#8211; 17h15 : Arriv\u00e9e du corps \u00e0 l&rsquo;A\u00e9roport International de Douala &#8211; Cameroun<br>&#8211; Transfert \u00e0 la morgue de la Garnison Militaire Bonanjo &#8211; Douala<br>&#8211; Recueillement au domicile familial sis :derri\u00e8re Station MRS Njo Njo<br>Villa n\u00b0 433 (Rue Service social Bonapriso)<\/p>\n<p><b>Vendredi 06 Janvier 2023<\/b><br>&#8211; 14h00 : Lev\u00e9e du corps \u00e0 l\u2019h\u00f4pital Garnison Militaire \u00e0 Bonanjo &#8211;<br>Douala<br>&#8211; D\u00e9part du cort\u00e8ge pour les hommages diplomatiques<br>&#8211; D\u00e9part du cort\u00e8ge \u00e0 l&rsquo;\u00e9glise Njo Njo Centre &#8211; Bonapriso<br>&#8211; 17h00 : C\u00e9r\u00e9monies traditionnelles<br>&#8211; 20h &#8211; 22h : Office religieux<\/p>\n<p><b>Samedi 07 Janvier 2023<\/b><br>&#8211; 09h00 : Rassemblement \u00e0 l\u2019Eglise NJO NJO<br>&#8211; 10h00 : Culte<br>&#8211; 13h00 : Enterrement au Cim\u00e9ti\u00e8re NJO NJO<br>&#8211; Collation<\/p>\t\t\t\t\t\t\t\t<\/div>\n\t\t\t\t<\/div>\n\t\t\t\t<div class=\"elementor-element elementor-element-98d5e22 elementor-widget elementor-widget-image\" data-id=\"98d5e22\" data-element_type=\"widget\" data-e-type=\"widget\" data-widget_type=\"image.default\">\n\t\t\t\t<div class=\"elementor-widget-container\">\n\t\t\t\t\t\t\t\t\t\t\t\t\t\t\t<img decoding=\"async\" src=\"https:\/\/www.ambacam.de\/fr\/wp-content\/uploads\/sites\/4\/2022\/02\/MDAD.png\" title=\"\" alt=\"\" loading=\"lazy\" \/>\t\t\t\t\t\t\t\t\t\t\t\t\t\t\t<\/div>\n\t\t\t\t<\/div>\n\t\t\t\t\t<\/div>\n\t\t<\/div>\n\t\t\t\t\t<\/div>\n\t\t<\/section>\n\t\t\t\t<\/div>\n\t\t","protected":false},"excerpt":{"rendered":"<p>Les grandes familles :&#8211; BONA NGANGU&rsquo;A MAKONGOBonapriso &#8211; Douala&#8211; EBANDA MBAPPE BONA MBAPPEBonab\u00e9ri &#8211; Douala&#8211; DIPITA EBOLO EKOTO Henri JamesBonamikengue<\/p>\n","protected":false},"author":1,"featured_media":4454,"comment_status":"closed","ping_status":"open","sticky":false,"template":"elementor_theme","format":"standard","meta":{"footnotes":""},"categories":[2,4,32,8,26],"tags":[],"class_list":["post-4444","post","type-post","status-publish","format-standard","has-post-thumbnail","hentry","category-actualites","category-ambassadeur","category-communiques","category-information","category-vivre-en-allemagne"],"_links":{"self":[{"href":"https:\/\/www.ambacam.de\/fr\/wp-json\/wp\/v2\/posts\/4444","targetHints":{"allow":["GET"]}}],"collection":[{"href":"https:\/\/www.ambacam.de\/fr\/wp-json\/wp\/v2\/posts"}],"about":[{"href":"https:\/\/www.ambacam.de\/fr\/wp-json\/wp\/v2\/types\/post"}],"author":[{"embeddable":true,"href":"https:\/\/www.ambacam.de\/fr\/wp-json\/wp\/v2\/users\/1"}],"replies":[{"embeddable":true,"href":"https:\/\/www.ambacam.de\/fr\/wp-json\/wp\/v2\/comments?post=4444"}],"version-history":[{"count":22,"href":"https:\/\/www.ambacam.de\/fr\/wp-json\/wp\/v2\/posts\/4444\/revisions"}],"predecessor-version":[{"id":4516,"href":"https:\/\/www.ambacam.de\/fr\/wp-json\/wp\/v2\/posts\/4444\/revisions\/4516"}],"wp:featuredmedia":[{"embeddable":true,"href":"https:\/\/www.ambacam.de\/fr\/wp-json\/wp\/v2\/media\/4454"}],"wp:attachment":[{"href":"https:\/\/www.ambacam.de\/fr\/wp-json\/wp\/v2\/media?parent=4444"}],"wp:term":[{"taxonomy":"category","embeddable":true,"href":"https:\/\/www.ambacam.de\/fr\/wp-json\/wp\/v2\/categories?post=4444"},{"taxonomy":"post_tag","embeddable":true,"href":"https:\/\/www.ambacam.de\/fr\/wp-json\/wp\/v2\/tags?post=4444"}],"curies":[{"name":"wp","href":"https:\/\/api.w.org\/{rel}","templated":true}]}}