{"id":6329,"date":"2024-05-06T14:31:20","date_gmt":"2024-05-06T12:31:20","guid":{"rendered":"https:\/\/www.ambacam.de\/fr\/?p=6329"},"modified":"2024-05-06T14:33:08","modified_gmt":"2024-05-06T12:33:08","slug":"prestations-consulaires-a-wroclaw-en-pologne-04-mai-2024","status":"publish","type":"post","link":"https:\/\/www.ambacam.de\/fr\/2024\/05\/06\/prestations-consulaires-a-wroclaw-en-pologne-04-mai-2024\/","title":{"rendered":"PRESTATIONS CONSULAIRES \u00c0 WROCLAW EN POLOGNE \u2013 04 MAI 2024"},"content":{"rendered":"\t\t<div data-elementor-type=\"wp-post\" data-elementor-id=\"6329\" class=\"elementor elementor-6329\">\n\t\t\t\t\t\t<section class=\"elementor-section elementor-top-section elementor-element elementor-element-4c2a9755 elementor-section-boxed elementor-section-height-default elementor-section-height-default\" data-id=\"4c2a9755\" data-element_type=\"section\" data-e-type=\"section\">\n\t\t\t\t\t\t<div class=\"elementor-container elementor-column-gap-default\">\n\t\t\t\t\t<div class=\"elementor-column elementor-col-100 elementor-top-column elementor-element elementor-element-229b9905\" data-id=\"229b9905\" data-element_type=\"column\" data-e-type=\"column\">\n\t\t\t<div class=\"elementor-widget-wrap elementor-element-populated\">\n\t\t\t\t\t\t<div class=\"elementor-element elementor-element-3b1d6cf0 elementor-widget elementor-widget-text-editor\" data-id=\"3b1d6cf0\" data-element_type=\"widget\" data-e-type=\"widget\" data-widget_type=\"text-editor.default\">\n\t\t\t\t<div class=\"elementor-widget-container\">\n\t\t\t\t\t\t\t\t\t<p>En collaboration avec l&rsquo;Association <b>CAMER CONNECT<\/b> l&rsquo;Ambassade du Cameroun \u00e0 Berlin a organis\u00e9 une journ\u00e9e de prestations consulaires le samedi 4 mai 2024 dans la ville de Wroclaw en Pologne. <br \/>\u00c0 cette occasion, plusieurs prestations ont \u00e9t\u00e9 fournies aux usagers notamment des demandes de passeport, de carte consulaire et la l\u00e9galisation de documents.<\/p><p>Un d\u00e9placement est \u00e9galement pr\u00e9vu le samedi 11 mai \u00e0 Essen.<\/p>\t\t\t\t\t\t\t\t<\/div>\n\t\t\t\t<\/div>\n\t\t\t\t<div class=\"elementor-element elementor-element-08c4c2a elementor-widget elementor-widget-image-gallery\" data-id=\"08c4c2a\" data-element_type=\"widget\" data-e-type=\"widget\" data-widget_type=\"image-gallery.default\">\n\t\t\t\t<div class=\"elementor-widget-container\">\n\t\t\t\t\t\t\t<div class=\"elementor-image-gallery\">\n\t\t\t<div id='gallery-1' class='gallery galleryid-6329 gallery-columns-2 gallery-size-large'><figure class='gallery-item'>\n\t\t\t<div class='gallery-icon landscape'>\n\t\t\t\t<a data-elementor-open-lightbox=\"yes\" data-elementor-lightbox-slideshow=\"08c4c2a\" data-elementor-lightbox-title=\"acb_poland_01\" data-e-action-hash=\"#elementor-action%3Aaction%3Dlightbox%26settings%3DeyJpZCI6NjMzMiwidXJsIjoiaHR0cHM6XC9cL3d3dy5hbWJhY2FtLmRlXC9mclwvd3AtY29udGVudFwvdXBsb2Fkc1wvc2l0ZXNcLzRcLzIwMjJcLzAyXC9hY2JfcG9sYW5kXzAxLmpwZyIsInNsaWRlc2hvdyI6IjA4YzRjMmEifQ%3D%3D\" href='https:\/\/www.ambacam.de\/fr\/wp-content\/uploads\/sites\/4\/2022\/02\/acb_poland_01.jpg'><img fetchpriority=\"high\" decoding=\"async\" width=\"800\" height=\"600\" src=\"https:\/\/www.ambacam.de\/fr\/wp-content\/uploads\/sites\/4\/2022\/02\/acb_poland_01-1024x768.jpg\" class=\"attachment-large size-large\" alt=\"\" srcset=\"https:\/\/www.ambacam.de\/fr\/wp-content\/uploads\/sites\/4\/2022\/02\/acb_poland_01-1024x768.jpg 1024w, https:\/\/www.ambacam.de\/fr\/wp-content\/uploads\/sites\/4\/2022\/02\/acb_poland_01-300x225.jpg 300w, https:\/\/www.ambacam.de\/fr\/wp-content\/uploads\/sites\/4\/2022\/02\/acb_poland_01-768x576.jpg 768w, https:\/\/www.ambacam.de\/fr\/wp-content\/uploads\/sites\/4\/2022\/02\/acb_poland_01.jpg 1155w\" sizes=\"(max-width: 800px) 100vw, 800px\" \/><\/a>\n\t\t\t<\/div><\/figure><figure class='gallery-item'>\n\t\t\t<div class='gallery-icon landscape'>\n\t\t\t\t<a data-elementor-open-lightbox=\"yes\" data-elementor-lightbox-slideshow=\"08c4c2a\" data-elementor-lightbox-title=\"acb_poland_02\" data-e-action-hash=\"#elementor-action%3Aaction%3Dlightbox%26settings%3DeyJpZCI6NjMzMywidXJsIjoiaHR0cHM6XC9cL3d3dy5hbWJhY2FtLmRlXC9mclwvd3AtY29udGVudFwvdXBsb2Fkc1wvc2l0ZXNcLzRcLzIwMjJcLzAyXC9hY2JfcG9sYW5kXzAyLmpwZyIsInNsaWRlc2hvdyI6IjA4YzRjMmEifQ%3D%3D\" href='https:\/\/www.ambacam.de\/fr\/wp-content\/uploads\/sites\/4\/2022\/02\/acb_poland_02.jpg'><img decoding=\"async\" width=\"800\" height=\"600\" src=\"https:\/\/www.ambacam.de\/fr\/wp-content\/uploads\/sites\/4\/2022\/02\/acb_poland_02-1024x768.jpg\" class=\"attachment-large size-large\" alt=\"\" srcset=\"https:\/\/www.ambacam.de\/fr\/wp-content\/uploads\/sites\/4\/2022\/02\/acb_poland_02-1024x768.jpg 1024w, https:\/\/www.ambacam.de\/fr\/wp-content\/uploads\/sites\/4\/2022\/02\/acb_poland_02-300x225.jpg 300w, https:\/\/www.ambacam.de\/fr\/wp-content\/uploads\/sites\/4\/2022\/02\/acb_poland_02-768x576.jpg 768w, https:\/\/www.ambacam.de\/fr\/wp-content\/uploads\/sites\/4\/2022\/02\/acb_poland_02.jpg 1155w\" sizes=\"(max-width: 800px) 100vw, 800px\" \/><\/a>\n\t\t\t<\/div><\/figure><figure class='gallery-item'>\n\t\t\t<div class='gallery-icon landscape'>\n\t\t\t\t<a data-elementor-open-lightbox=\"yes\" data-elementor-lightbox-slideshow=\"08c4c2a\" data-elementor-lightbox-title=\"acb_poland_03\" data-e-action-hash=\"#elementor-action%3Aaction%3Dlightbox%26settings%3DeyJpZCI6NjMzNCwidXJsIjoiaHR0cHM6XC9cL3d3dy5hbWJhY2FtLmRlXC9mclwvd3AtY29udGVudFwvdXBsb2Fkc1wvc2l0ZXNcLzRcLzIwMjJcLzAyXC9hY2JfcG9sYW5kXzAzLmpwZyIsInNsaWRlc2hvdyI6IjA4YzRjMmEifQ%3D%3D\" href='https:\/\/www.ambacam.de\/fr\/wp-content\/uploads\/sites\/4\/2022\/02\/acb_poland_03.jpg'><img decoding=\"async\" width=\"800\" height=\"600\" src=\"https:\/\/www.ambacam.de\/fr\/wp-content\/uploads\/sites\/4\/2022\/02\/acb_poland_03-1024x768.jpg\" class=\"attachment-large size-large\" alt=\"\" srcset=\"https:\/\/www.ambacam.de\/fr\/wp-content\/uploads\/sites\/4\/2022\/02\/acb_poland_03-1024x768.jpg 1024w, https:\/\/www.ambacam.de\/fr\/wp-content\/uploads\/sites\/4\/2022\/02\/acb_poland_03-300x225.jpg 300w, https:\/\/www.ambacam.de\/fr\/wp-content\/uploads\/sites\/4\/2022\/02\/acb_poland_03-768x576.jpg 768w, https:\/\/www.ambacam.de\/fr\/wp-content\/uploads\/sites\/4\/2022\/02\/acb_poland_03.jpg 1155w\" sizes=\"(max-width: 800px) 100vw, 800px\" \/><\/a>\n\t\t\t<\/div><\/figure><figure class='gallery-item'>\n\t\t\t<div class='gallery-icon landscape'>\n\t\t\t\t<a data-elementor-open-lightbox=\"yes\" data-elementor-lightbox-slideshow=\"08c4c2a\" data-elementor-lightbox-title=\"acb_poland_04\" data-e-action-hash=\"#elementor-action%3Aaction%3Dlightbox%26settings%3DeyJpZCI6NjMzNSwidXJsIjoiaHR0cHM6XC9cL3d3dy5hbWJhY2FtLmRlXC9mclwvd3AtY29udGVudFwvdXBsb2Fkc1wvc2l0ZXNcLzRcLzIwMjJcLzAyXC9hY2JfcG9sYW5kXzA0LmpwZyIsInNsaWRlc2hvdyI6IjA4YzRjMmEifQ%3D%3D\" href='https:\/\/www.ambacam.de\/fr\/wp-content\/uploads\/sites\/4\/2022\/02\/acb_poland_04.jpg'><img loading=\"lazy\" decoding=\"async\" width=\"800\" height=\"600\" src=\"https:\/\/www.ambacam.de\/fr\/wp-content\/uploads\/sites\/4\/2022\/02\/acb_poland_04-1024x768.jpg\" class=\"attachment-large size-large\" alt=\"\" srcset=\"https:\/\/www.ambacam.de\/fr\/wp-content\/uploads\/sites\/4\/2022\/02\/acb_poland_04-1024x768.jpg 1024w, https:\/\/www.ambacam.de\/fr\/wp-content\/uploads\/sites\/4\/2022\/02\/acb_poland_04-300x225.jpg 300w, https:\/\/www.ambacam.de\/fr\/wp-content\/uploads\/sites\/4\/2022\/02\/acb_poland_04-768x576.jpg 768w, https:\/\/www.ambacam.de\/fr\/wp-content\/uploads\/sites\/4\/2022\/02\/acb_poland_04.jpg 1155w\" sizes=\"(max-width: 800px) 100vw, 800px\" \/><\/a>\n\t\t\t<\/div><\/figure>\n\t\t<\/div>\n\t\t<\/div>\n\t\t\t\t\t\t<\/div>\n\t\t\t\t<\/div>\n\t\t\t\t\t<\/div>\n\t\t<\/div>\n\t\t\t\t\t<\/div>\n\t\t<\/section>\n\t\t\t\t<\/div>\n\t\t","protected":false},"excerpt":{"rendered":"<p>En collaboration avec l&rsquo;Association CAMER CONNECT l&rsquo;Ambassade du Cameroun \u00e0 Berlin a organis\u00e9 une journ\u00e9e de prestations consulaires le samedi<\/p>\n","protected":false},"author":1,"featured_media":6331,"comment_status":"closed","ping_status":"closed","sticky":false,"template":"elementor_theme","format":"standard","meta":{"footnotes":""},"categories":[1,2,8,10,11,31],"tags":[],"class_list":["post-6329","post","type-post","status-publish","format-standard","has-post-thumbnail","hentry","category-activites-generales","category-actualites","category-information","category-passeport","category-services-aux-camerounais","category-visites"],"_links":{"self":[{"href":"https:\/\/www.ambacam.de\/fr\/wp-json\/wp\/v2\/posts\/6329","targetHints":{"allow":["GET"]}}],"collection":[{"href":"https:\/\/www.ambacam.de\/fr\/wp-json\/wp\/v2\/posts"}],"about":[{"href":"https:\/\/www.ambacam.de\/fr\/wp-json\/wp\/v2\/types\/post"}],"author":[{"embeddable":true,"href":"https:\/\/www.ambacam.de\/fr\/wp-json\/wp\/v2\/users\/1"}],"replies":[{"embeddable":true,"href":"https:\/\/www.ambacam.de\/fr\/wp-json\/wp\/v2\/comments?post=6329"}],"version-history":[{"count":4,"href":"https:\/\/www.ambacam.de\/fr\/wp-json\/wp\/v2\/posts\/6329\/revisions"}],"predecessor-version":[{"id":6338,"href":"https:\/\/www.ambacam.de\/fr\/wp-json\/wp\/v2\/posts\/6329\/revisions\/6338"}],"wp:featuredmedia":[{"embeddable":true,"href":"https:\/\/www.ambacam.de\/fr\/wp-json\/wp\/v2\/media\/6331"}],"wp:attachment":[{"href":"https:\/\/www.ambacam.de\/fr\/wp-json\/wp\/v2\/media?parent=6329"}],"wp:term":[{"taxonomy":"category","embeddable":true,"href":"https:\/\/www.ambacam.de\/fr\/wp-json\/wp\/v2\/categories?post=6329"},{"taxonomy":"post_tag","embeddable":true,"href":"https:\/\/www.ambacam.de\/fr\/wp-json\/wp\/v2\/tags?post=6329"}],"curies":[{"name":"wp","href":"https:\/\/api.w.org\/{rel}","templated":true}]}}