{"id":6435,"date":"2024-05-13T11:00:09","date_gmt":"2024-05-13T09:00:09","guid":{"rendered":"https:\/\/www.ambacam.de\/fr\/?p=6435"},"modified":"2024-05-13T11:00:51","modified_gmt":"2024-05-13T09:00:51","slug":"prestations-consulaires-a-essen-11-mai-2024","status":"publish","type":"post","link":"https:\/\/www.ambacam.de\/fr\/2024\/05\/13\/prestations-consulaires-a-essen-11-mai-2024\/","title":{"rendered":"PRESTATIONS CONSULAIRES \u00c0 ESSEN \u2013 11 MAI 2024"},"content":{"rendered":"\t\t<div data-elementor-type=\"wp-post\" data-elementor-id=\"6435\" class=\"elementor elementor-6435\">\n\t\t\t\t\t\t<section class=\"elementor-section elementor-top-section elementor-element elementor-element-4c2a9755 elementor-section-boxed elementor-section-height-default elementor-section-height-default\" data-id=\"4c2a9755\" data-element_type=\"section\" data-e-type=\"section\">\n\t\t\t\t\t\t<div class=\"elementor-container elementor-column-gap-default\">\n\t\t\t\t\t<div class=\"elementor-column elementor-col-100 elementor-top-column elementor-element elementor-element-229b9905\" data-id=\"229b9905\" data-element_type=\"column\" data-e-type=\"column\">\n\t\t\t<div class=\"elementor-widget-wrap elementor-element-populated\">\n\t\t\t\t\t\t<div class=\"elementor-element elementor-element-3b1d6cf0 elementor-widget elementor-widget-text-editor\" data-id=\"3b1d6cf0\" data-element_type=\"widget\" data-e-type=\"widget\" data-widget_type=\"text-editor.default\">\n\t\t\t\t<div class=\"elementor-widget-container\">\n\t\t\t\t\t\t\t\t\t<p>En collaboration avec l&rsquo;association <b>Afrika Kultur und Wohlfahrt e.V<\/b>, l&rsquo;Ambassade du Cameroun \u00e0 Berlin a organis\u00e9 une journ\u00e9e de prestations consulaires le samedi 11 mai 2024 dans la ville de Essen.<br \/>\u00c0 cette occasion, plusieurs prestations ont \u00e9t\u00e9 fournies aux usagers notamment des demandes de passeport, de carte consulaire et la l\u00e9galisation de documents.<\/p><p>Un d\u00e9placement est \u00e9galement pr\u00e9vu le samedi 15 juin \u00e0 Bonn.<\/p>\t\t\t\t\t\t\t\t<\/div>\n\t\t\t\t<\/div>\n\t\t\t\t<div class=\"elementor-element elementor-element-08c4c2a elementor-widget elementor-widget-image-gallery\" data-id=\"08c4c2a\" data-element_type=\"widget\" data-e-type=\"widget\" data-widget_type=\"image-gallery.default\">\n\t\t\t\t<div class=\"elementor-widget-container\">\n\t\t\t\t\t\t\t<div class=\"elementor-image-gallery\">\n\t\t\t<div id='gallery-1' class='gallery galleryid-6435 gallery-columns-2 gallery-size-large'><figure class='gallery-item'>\n\t\t\t<div class='gallery-icon landscape'>\n\t\t\t\t<a data-elementor-open-lightbox=\"yes\" data-elementor-lightbox-slideshow=\"08c4c2a\" data-elementor-lightbox-title=\"acb_essen_02\" data-e-action-hash=\"#elementor-action%3Aaction%3Dlightbox%26settings%3DeyJpZCI6NjQzOCwidXJsIjoiaHR0cHM6XC9cL3d3dy5hbWJhY2FtLmRlXC9mclwvd3AtY29udGVudFwvdXBsb2Fkc1wvc2l0ZXNcLzRcLzIwMjJcLzAyXC9hY2JfZXNzZW5fMDIuanBnIiwic2xpZGVzaG93IjoiMDhjNGMyYSJ9\" href='https:\/\/www.ambacam.de\/fr\/wp-content\/uploads\/sites\/4\/2022\/02\/acb_essen_02.jpg'><img fetchpriority=\"high\" decoding=\"async\" width=\"800\" height=\"600\" src=\"https:\/\/www.ambacam.de\/fr\/wp-content\/uploads\/sites\/4\/2022\/02\/acb_essen_02-1024x768.jpg\" class=\"attachment-large size-large\" alt=\"\" srcset=\"https:\/\/www.ambacam.de\/fr\/wp-content\/uploads\/sites\/4\/2022\/02\/acb_essen_02-1024x768.jpg 1024w, https:\/\/www.ambacam.de\/fr\/wp-content\/uploads\/sites\/4\/2022\/02\/acb_essen_02-300x225.jpg 300w, https:\/\/www.ambacam.de\/fr\/wp-content\/uploads\/sites\/4\/2022\/02\/acb_essen_02-768x576.jpg 768w, https:\/\/www.ambacam.de\/fr\/wp-content\/uploads\/sites\/4\/2022\/02\/acb_essen_02.jpg 1155w\" sizes=\"(max-width: 800px) 100vw, 800px\" \/><\/a>\n\t\t\t<\/div><\/figure><figure class='gallery-item'>\n\t\t\t<div class='gallery-icon landscape'>\n\t\t\t\t<a data-elementor-open-lightbox=\"yes\" data-elementor-lightbox-slideshow=\"08c4c2a\" data-elementor-lightbox-title=\"acb_essen_03\" data-e-action-hash=\"#elementor-action%3Aaction%3Dlightbox%26settings%3DeyJpZCI6NjQzOSwidXJsIjoiaHR0cHM6XC9cL3d3dy5hbWJhY2FtLmRlXC9mclwvd3AtY29udGVudFwvdXBsb2Fkc1wvc2l0ZXNcLzRcLzIwMjJcLzAyXC9hY2JfZXNzZW5fMDMuanBnIiwic2xpZGVzaG93IjoiMDhjNGMyYSJ9\" href='https:\/\/www.ambacam.de\/fr\/wp-content\/uploads\/sites\/4\/2022\/02\/acb_essen_03.jpg'><img decoding=\"async\" width=\"800\" height=\"600\" src=\"https:\/\/www.ambacam.de\/fr\/wp-content\/uploads\/sites\/4\/2022\/02\/acb_essen_03-1024x768.jpg\" class=\"attachment-large size-large\" alt=\"\" srcset=\"https:\/\/www.ambacam.de\/fr\/wp-content\/uploads\/sites\/4\/2022\/02\/acb_essen_03-1024x768.jpg 1024w, https:\/\/www.ambacam.de\/fr\/wp-content\/uploads\/sites\/4\/2022\/02\/acb_essen_03-300x225.jpg 300w, https:\/\/www.ambacam.de\/fr\/wp-content\/uploads\/sites\/4\/2022\/02\/acb_essen_03-768x576.jpg 768w, https:\/\/www.ambacam.de\/fr\/wp-content\/uploads\/sites\/4\/2022\/02\/acb_essen_03.jpg 1155w\" sizes=\"(max-width: 800px) 100vw, 800px\" \/><\/a>\n\t\t\t<\/div><\/figure>\n\t\t<\/div>\n\t\t<\/div>\n\t\t\t\t\t\t<\/div>\n\t\t\t\t<\/div>\n\t\t\t\t\t<\/div>\n\t\t<\/div>\n\t\t\t\t\t<\/div>\n\t\t<\/section>\n\t\t\t\t<\/div>\n\t\t","protected":false},"excerpt":{"rendered":"<p>En collaboration avec l&rsquo;association Afrika Kultur und Wohlfahrt e.V, l&rsquo;Ambassade du Cameroun \u00e0 Berlin a organis\u00e9 une journ\u00e9e de prestations<\/p>\n","protected":false},"author":1,"featured_media":6437,"comment_status":"closed","ping_status":"closed","sticky":false,"template":"elementor_theme","format":"standard","meta":{"footnotes":""},"categories":[1,2,8,10,11,31],"tags":[],"class_list":["post-6435","post","type-post","status-publish","format-standard","has-post-thumbnail","hentry","category-activites-generales","category-actualites","category-information","category-passeport","category-services-aux-camerounais","category-visites"],"_links":{"self":[{"href":"https:\/\/www.ambacam.de\/fr\/wp-json\/wp\/v2\/posts\/6435","targetHints":{"allow":["GET"]}}],"collection":[{"href":"https:\/\/www.ambacam.de\/fr\/wp-json\/wp\/v2\/posts"}],"about":[{"href":"https:\/\/www.ambacam.de\/fr\/wp-json\/wp\/v2\/types\/post"}],"author":[{"embeddable":true,"href":"https:\/\/www.ambacam.de\/fr\/wp-json\/wp\/v2\/users\/1"}],"replies":[{"embeddable":true,"href":"https:\/\/www.ambacam.de\/fr\/wp-json\/wp\/v2\/comments?post=6435"}],"version-history":[{"count":4,"href":"https:\/\/www.ambacam.de\/fr\/wp-json\/wp\/v2\/posts\/6435\/revisions"}],"predecessor-version":[{"id":6442,"href":"https:\/\/www.ambacam.de\/fr\/wp-json\/wp\/v2\/posts\/6435\/revisions\/6442"}],"wp:featuredmedia":[{"embeddable":true,"href":"https:\/\/www.ambacam.de\/fr\/wp-json\/wp\/v2\/media\/6437"}],"wp:attachment":[{"href":"https:\/\/www.ambacam.de\/fr\/wp-json\/wp\/v2\/media?parent=6435"}],"wp:term":[{"taxonomy":"category","embeddable":true,"href":"https:\/\/www.ambacam.de\/fr\/wp-json\/wp\/v2\/categories?post=6435"},{"taxonomy":"post_tag","embeddable":true,"href":"https:\/\/www.ambacam.de\/fr\/wp-json\/wp\/v2\/tags?post=6435"}],"curies":[{"name":"wp","href":"https:\/\/api.w.org\/{rel}","templated":true}]}}