{"id":6444,"date":"2024-05-15T12:59:22","date_gmt":"2024-05-15T10:59:22","guid":{"rendered":"https:\/\/www.ambacam.de\/fr\/?p=6444"},"modified":"2024-05-15T19:41:35","modified_gmt":"2024-05-15T17:41:35","slug":"lecon-inaugurale-presentee-par-le-docteur-stephane-kenmoe","status":"publish","type":"post","link":"https:\/\/www.ambacam.de\/fr\/2024\/05\/15\/lecon-inaugurale-presentee-par-le-docteur-stephane-kenmoe\/","title":{"rendered":"LE\u00c7ON INAUGURALE PR\u00c9SENT\u00c9E PAR LE DOCTEUR ST\u00c9PHANE KENMOE"},"content":{"rendered":"\t\t<div data-elementor-type=\"wp-post\" data-elementor-id=\"6444\" class=\"elementor elementor-6444\">\n\t\t\t\t\t\t<section class=\"elementor-section elementor-top-section elementor-element elementor-element-4c2a9755 elementor-section-boxed elementor-section-height-default elementor-section-height-default\" data-id=\"4c2a9755\" data-element_type=\"section\" data-e-type=\"section\">\n\t\t\t\t\t\t<div class=\"elementor-container elementor-column-gap-default\">\n\t\t\t\t\t<div class=\"elementor-column elementor-col-100 elementor-top-column elementor-element elementor-element-229b9905\" data-id=\"229b9905\" data-element_type=\"column\" data-e-type=\"column\">\n\t\t\t<div class=\"elementor-widget-wrap elementor-element-populated\">\n\t\t\t\t\t\t<div class=\"elementor-element elementor-element-86e3087 elementor-widget elementor-widget-image\" data-id=\"86e3087\" data-element_type=\"widget\" data-e-type=\"widget\" data-widget_type=\"image.default\">\n\t\t\t\t<div class=\"elementor-widget-container\">\n\t\t\t\t\t\t\t\t\t\t\t\t\t\t\t<img fetchpriority=\"high\" decoding=\"async\" width=\"800\" height=\"600\" src=\"https:\/\/www.ambacam.de\/fr\/wp-content\/uploads\/sites\/4\/2024\/05\/dr_kenmoe_04-1024x768.jpg\" class=\"attachment-large size-large wp-image-6447\" alt=\"\" srcset=\"https:\/\/www.ambacam.de\/fr\/wp-content\/uploads\/sites\/4\/2024\/05\/dr_kenmoe_04-1024x768.jpg 1024w, https:\/\/www.ambacam.de\/fr\/wp-content\/uploads\/sites\/4\/2024\/05\/dr_kenmoe_04-300x225.jpg 300w, https:\/\/www.ambacam.de\/fr\/wp-content\/uploads\/sites\/4\/2024\/05\/dr_kenmoe_04-768x576.jpg 768w, https:\/\/www.ambacam.de\/fr\/wp-content\/uploads\/sites\/4\/2024\/05\/dr_kenmoe_04.jpg 1155w\" sizes=\"(max-width: 800px) 100vw, 800px\" \/>\t\t\t\t\t\t\t\t\t\t\t\t\t\t\t<\/div>\n\t\t\t\t<\/div>\n\t\t\t\t<div class=\"elementor-element elementor-element-3b1d6cf0 elementor-widget elementor-widget-text-editor\" data-id=\"3b1d6cf0\" data-element_type=\"widget\" data-e-type=\"widget\" data-widget_type=\"text-editor.default\">\n\t\t\t\t<div class=\"elementor-widget-container\">\n\t\t\t\t\t\t\t\t\t<p>Le Dr. St\u00e9phane Kenmoe a pr\u00e9sent\u00e9 sa le\u00e7on inaugurale le 14 mai 2024 dans le cadre de sa th\u00e8se d&rsquo;habilitation \u00e0 diriger des th\u00e8ses. Devant des \u00e9tudiants et un parterre d&rsquo;enseignants et chercheurs, dont le Professeur Mountapmbeme Patrick, Chef de Centre de Recherche, d\u2019Exp\u00e9rimentation et de Production \u00e0 l\u2019Institut Sup\u00e9rieur d\u2019Agriculture, du Bois, de l\u2019Eau et de l\u2019Environnement de l&rsquo; Universit\u00e9 d\u2019Ebolowa, en s\u00e9jour de recherches \u00e0 l&rsquo;universit\u00e9 de Duisburg, le Dr Kenmoe a brillamment pr\u00e9sent\u00e9 ses th\u00e8ses et r\u00e9pondu aux questions du public. Il fait d\u00e9sormais partie du cercle ferm\u00e9 des enseignants chercheurs habilit\u00e9s \u00e0 diriger des th\u00e8ses.<span style=\"font-family: 'Century Gothic', sans-serif; font-size: 16px; font-style: normal; font-weight: 400; color: var( --e-global-color-text );\">\u00a0<\/span><\/p><p>L&rsquo;Ambassade du Cameroun \u00e0 Berlin pr\u00e9sente ses vives f\u00e9licitations \u00e0 ce jeune chercheur talentueux qui fait briller l&rsquo;\u00e9toile du Cameroun en Allemagne et \u00e0 travers le monde.<\/p>\t\t\t\t\t\t\t\t<\/div>\n\t\t\t\t<\/div>\n\t\t\t\t<div class=\"elementor-element elementor-element-f0a41d4 elementor-widget elementor-widget-image-gallery\" data-id=\"f0a41d4\" data-element_type=\"widget\" data-e-type=\"widget\" data-widget_type=\"image-gallery.default\">\n\t\t\t\t<div class=\"elementor-widget-container\">\n\t\t\t\t\t\t\t<div class=\"elementor-image-gallery\">\n\t\t\t<div id='gallery-1' class='gallery galleryid-6444 gallery-columns-1 gallery-size-large'><figure class='gallery-item'>\n\t\t\t<div class='gallery-icon landscape'>\n\t\t\t\t<a data-elementor-open-lightbox=\"yes\" data-elementor-lightbox-slideshow=\"f0a41d4\" data-elementor-lightbox-title=\"dr_kenmoe_03\" data-e-action-hash=\"#elementor-action%3Aaction%3Dlightbox%26settings%3DeyJpZCI6NjQ0OCwidXJsIjoiaHR0cHM6XC9cL3d3dy5hbWJhY2FtLmRlXC9mclwvd3AtY29udGVudFwvdXBsb2Fkc1wvc2l0ZXNcLzRcLzIwMjRcLzA1XC9kcl9rZW5tb2VfMDMuanBnIiwic2xpZGVzaG93IjoiZjBhNDFkNCJ9\" href='https:\/\/www.ambacam.de\/fr\/wp-content\/uploads\/sites\/4\/2024\/05\/dr_kenmoe_03.jpg'><img decoding=\"async\" width=\"800\" height=\"600\" src=\"https:\/\/www.ambacam.de\/fr\/wp-content\/uploads\/sites\/4\/2024\/05\/dr_kenmoe_03-1024x768.jpg\" class=\"attachment-large size-large\" alt=\"\" srcset=\"https:\/\/www.ambacam.de\/fr\/wp-content\/uploads\/sites\/4\/2024\/05\/dr_kenmoe_03-1024x768.jpg 1024w, https:\/\/www.ambacam.de\/fr\/wp-content\/uploads\/sites\/4\/2024\/05\/dr_kenmoe_03-300x225.jpg 300w, https:\/\/www.ambacam.de\/fr\/wp-content\/uploads\/sites\/4\/2024\/05\/dr_kenmoe_03-768x576.jpg 768w, https:\/\/www.ambacam.de\/fr\/wp-content\/uploads\/sites\/4\/2024\/05\/dr_kenmoe_03.jpg 1155w\" sizes=\"(max-width: 800px) 100vw, 800px\" \/><\/a>\n\t\t\t<\/div><\/figure><figure class='gallery-item'>\n\t\t\t<div class='gallery-icon portrait'>\n\t\t\t\t<a data-elementor-open-lightbox=\"yes\" data-elementor-lightbox-slideshow=\"f0a41d4\" data-elementor-lightbox-title=\"dr_kenmoe_02\" data-e-action-hash=\"#elementor-action%3Aaction%3Dlightbox%26settings%3DeyJpZCI6NjQ1MCwidXJsIjoiaHR0cHM6XC9cL3d3dy5hbWJhY2FtLmRlXC9mclwvd3AtY29udGVudFwvdXBsb2Fkc1wvc2l0ZXNcLzRcLzIwMjRcLzA1XC9kcl9rZW5tb2VfMDIuanBnIiwic2xpZGVzaG93IjoiZjBhNDFkNCJ9\" href='https:\/\/www.ambacam.de\/fr\/wp-content\/uploads\/sites\/4\/2024\/05\/dr_kenmoe_02.jpg'><img decoding=\"async\" width=\"768\" height=\"1024\" src=\"https:\/\/www.ambacam.de\/fr\/wp-content\/uploads\/sites\/4\/2024\/05\/dr_kenmoe_02-768x1024.jpg\" class=\"attachment-large size-large\" alt=\"\" srcset=\"https:\/\/www.ambacam.de\/fr\/wp-content\/uploads\/sites\/4\/2024\/05\/dr_kenmoe_02-768x1024.jpg 768w, https:\/\/www.ambacam.de\/fr\/wp-content\/uploads\/sites\/4\/2024\/05\/dr_kenmoe_02-225x300.jpg 225w, https:\/\/www.ambacam.de\/fr\/wp-content\/uploads\/sites\/4\/2024\/05\/dr_kenmoe_02.jpg 866w\" sizes=\"(max-width: 768px) 100vw, 768px\" \/><\/a>\n\t\t\t<\/div><\/figure>\n\t\t<\/div>\n\t\t<\/div>\n\t\t\t\t\t\t<\/div>\n\t\t\t\t<\/div>\n\t\t\t\t\t<\/div>\n\t\t<\/div>\n\t\t\t\t\t<\/div>\n\t\t<\/section>\n\t\t\t\t<\/div>\n\t\t","protected":false},"excerpt":{"rendered":"<p>Le Dr. St\u00e9phane Kenmoe a pr\u00e9sent\u00e9 sa le\u00e7on inaugurale le 14 mai 2024 dans le cadre de sa th\u00e8se d&rsquo;habilitation<\/p>\n","protected":false},"author":1,"featured_media":6446,"comment_status":"closed","ping_status":"closed","sticky":false,"template":"elementor_theme","format":"standard","meta":{"footnotes":""},"categories":[1,2,5,7,8,34,31,26],"tags":[],"class_list":["post-6444","post","type-post","status-publish","format-standard","has-post-thumbnail","hentry","category-activites-generales","category-actualites","category-culture","category-education","category-information","category-visages-de-la-diaspora","category-visites","category-vivre-en-allemagne"],"_links":{"self":[{"href":"https:\/\/www.ambacam.de\/fr\/wp-json\/wp\/v2\/posts\/6444","targetHints":{"allow":["GET"]}}],"collection":[{"href":"https:\/\/www.ambacam.de\/fr\/wp-json\/wp\/v2\/posts"}],"about":[{"href":"https:\/\/www.ambacam.de\/fr\/wp-json\/wp\/v2\/types\/post"}],"author":[{"embeddable":true,"href":"https:\/\/www.ambacam.de\/fr\/wp-json\/wp\/v2\/users\/1"}],"replies":[{"embeddable":true,"href":"https:\/\/www.ambacam.de\/fr\/wp-json\/wp\/v2\/comments?post=6444"}],"version-history":[{"count":10,"href":"https:\/\/www.ambacam.de\/fr\/wp-json\/wp\/v2\/posts\/6444\/revisions"}],"predecessor-version":[{"id":6460,"href":"https:\/\/www.ambacam.de\/fr\/wp-json\/wp\/v2\/posts\/6444\/revisions\/6460"}],"wp:featuredmedia":[{"embeddable":true,"href":"https:\/\/www.ambacam.de\/fr\/wp-json\/wp\/v2\/media\/6446"}],"wp:attachment":[{"href":"https:\/\/www.ambacam.de\/fr\/wp-json\/wp\/v2\/media?parent=6444"}],"wp:term":[{"taxonomy":"category","embeddable":true,"href":"https:\/\/www.ambacam.de\/fr\/wp-json\/wp\/v2\/categories?post=6444"},{"taxonomy":"post_tag","embeddable":true,"href":"https:\/\/www.ambacam.de\/fr\/wp-json\/wp\/v2\/tags?post=6444"}],"curies":[{"name":"wp","href":"https:\/\/api.w.org\/{rel}","templated":true}]}}