{"id":7487,"date":"2025-04-03T15:32:47","date_gmt":"2025-04-03T13:32:47","guid":{"rendered":"https:\/\/www.ambacam.de\/fr\/?p=7487"},"modified":"2025-04-03T15:34:21","modified_gmt":"2025-04-03T13:34:21","slug":"rencontre-entre-les-ambassadeurs-corrina-fricke-et-ndocki-victor","status":"publish","type":"post","link":"https:\/\/www.ambacam.de\/fr\/2025\/04\/03\/rencontre-entre-les-ambassadeurs-corrina-fricke-et-ndocki-victor\/","title":{"rendered":"RENCONTRE ENTRE LES AMBASSADEURS CORRINA FRICKE ET NDOCKI VICTOR"},"content":{"rendered":"\t\t<div data-elementor-type=\"wp-post\" data-elementor-id=\"7487\" class=\"elementor elementor-7487\">\n\t\t\t\t\t\t<section class=\"elementor-section elementor-top-section elementor-element elementor-element-4c2a9755 elementor-section-boxed elementor-section-height-default elementor-section-height-default\" data-id=\"4c2a9755\" data-element_type=\"section\" data-e-type=\"section\">\n\t\t\t\t\t\t<div class=\"elementor-container elementor-column-gap-default\">\n\t\t\t\t\t<div class=\"elementor-column elementor-col-100 elementor-top-column elementor-element elementor-element-229b9905\" data-id=\"229b9905\" data-element_type=\"column\" data-e-type=\"column\">\n\t\t\t<div class=\"elementor-widget-wrap elementor-element-populated\">\n\t\t\t\t\t\t<div class=\"elementor-element elementor-element-3b1d6cf0 elementor-widget elementor-widget-text-editor\" data-id=\"3b1d6cf0\" data-element_type=\"widget\" data-e-type=\"widget\" data-widget_type=\"text-editor.default\">\n\t\t\t\t<div class=\"elementor-widget-container\">\n\t\t\t\t\t\t\t\t\t<p>SEM NDOCKI Victor, Ambassadeur du Cameroun en Allemagne, a rencontr\u00e9 ce jeudi 03 avril 2025 \u00e0 la R\u00e9sidence d\u2019Allemagne \u00e0 Yaound\u00e9, SE Corrina FRICKE, Ambassadeur d\u2019Allemagne au Cameroun, l\u2019occasion pour les deux responsables de passer en revue divers sujets d\u2019actualit\u00e9 entre les deux pays.<\/p>\t\t\t\t\t\t\t\t<\/div>\n\t\t\t\t<\/div>\n\t\t\t\t<div class=\"elementor-element elementor-element-a7b77bb elementor-widget elementor-widget-image\" data-id=\"a7b77bb\" data-element_type=\"widget\" data-e-type=\"widget\" data-widget_type=\"image.default\">\n\t\t\t\t<div class=\"elementor-widget-container\">\n\t\t\t\t\t\t\t\t\t\t\t\t\t\t\t<img fetchpriority=\"high\" decoding=\"async\" width=\"768\" height=\"1024\" src=\"https:\/\/www.ambacam.de\/fr\/wp-content\/uploads\/sites\/4\/2025\/04\/acb_dbj_2025-768x1024.jpg\" class=\"attachment-large size-large wp-image-7490\" alt=\"\" srcset=\"https:\/\/www.ambacam.de\/fr\/wp-content\/uploads\/sites\/4\/2025\/04\/acb_dbj_2025-768x1024.jpg 768w, https:\/\/www.ambacam.de\/fr\/wp-content\/uploads\/sites\/4\/2025\/04\/acb_dbj_2025-225x300.jpg 225w, https:\/\/www.ambacam.de\/fr\/wp-content\/uploads\/sites\/4\/2025\/04\/acb_dbj_2025-200x267.jpg 200w, https:\/\/www.ambacam.de\/fr\/wp-content\/uploads\/sites\/4\/2025\/04\/acb_dbj_2025.jpg 866w\" sizes=\"(max-width: 768px) 100vw, 768px\" \/>\t\t\t\t\t\t\t\t\t\t\t\t\t\t\t<\/div>\n\t\t\t\t<\/div>\n\t\t\t\t\t<\/div>\n\t\t<\/div>\n\t\t\t\t\t<\/div>\n\t\t<\/section>\n\t\t\t\t<\/div>\n\t\t","protected":false},"excerpt":{"rendered":"<p>SEM NDOCKI Victor, Ambassadeur du Cameroun en Allemagne, a rencontr\u00e9 ce jeudi 03 avril 2025 \u00e0 la R\u00e9sidence d\u2019Allemagne \u00e0<\/p>\n","protected":false},"author":1,"featured_media":7489,"comment_status":"closed","ping_status":"open","sticky":false,"template":"elementor_theme","format":"standard","meta":{"footnotes":""},"categories":[1,2,4,30,8],"tags":[],"class_list":["post-7487","post","type-post","status-publish","format-standard","has-post-thumbnail","hentry","category-activites-generales","category-actualites","category-ambassadeur","category-audiences","category-information"],"_links":{"self":[{"href":"https:\/\/www.ambacam.de\/fr\/wp-json\/wp\/v2\/posts\/7487","targetHints":{"allow":["GET"]}}],"collection":[{"href":"https:\/\/www.ambacam.de\/fr\/wp-json\/wp\/v2\/posts"}],"about":[{"href":"https:\/\/www.ambacam.de\/fr\/wp-json\/wp\/v2\/types\/post"}],"author":[{"embeddable":true,"href":"https:\/\/www.ambacam.de\/fr\/wp-json\/wp\/v2\/users\/1"}],"replies":[{"embeddable":true,"href":"https:\/\/www.ambacam.de\/fr\/wp-json\/wp\/v2\/comments?post=7487"}],"version-history":[{"count":4,"href":"https:\/\/www.ambacam.de\/fr\/wp-json\/wp\/v2\/posts\/7487\/revisions"}],"predecessor-version":[{"id":7493,"href":"https:\/\/www.ambacam.de\/fr\/wp-json\/wp\/v2\/posts\/7487\/revisions\/7493"}],"wp:featuredmedia":[{"embeddable":true,"href":"https:\/\/www.ambacam.de\/fr\/wp-json\/wp\/v2\/media\/7489"}],"wp:attachment":[{"href":"https:\/\/www.ambacam.de\/fr\/wp-json\/wp\/v2\/media?parent=7487"}],"wp:term":[{"taxonomy":"category","embeddable":true,"href":"https:\/\/www.ambacam.de\/fr\/wp-json\/wp\/v2\/categories?post=7487"},{"taxonomy":"post_tag","embeddable":true,"href":"https:\/\/www.ambacam.de\/fr\/wp-json\/wp\/v2\/tags?post=7487"}],"curies":[{"name":"wp","href":"https:\/\/api.w.org\/{rel}","templated":true}]}}